{"id":197,"date":"2013-08-02T19:40:24","date_gmt":"2013-08-02T17:40:24","guid":{"rendered":"http:\/\/kinderbetreuung-suche.de\/betreuung-pflege-blog\/habe-gestern-eine-frage-gestelltbilde-ich-es-mir-ein-oder.html"},"modified":"2021-12-01T20:25:59","modified_gmt":"2021-12-01T19:25:59","slug":"habe-gestern-eine-frage-gestelltbilde-ich-es-mir-ein-oder","status":"publish","type":"post","link":"https:\/\/kinderbetreuung-suche.de\/betreuung-pflege-blog\/habe-gestern-eine-frage-gestelltbilde-ich-es-mir-ein-oder.html","title":{"rendered":"Habe gestern eine Frage gestellt,,Bilde ich es mir ein oder?.?"},"content":{"rendered":"<p>Habe gestern eine Frage gestellt,,Bilde ich es mir ein oder?.?<br \/>\nSeit Ihr nicht auch der meinung das der staat,viel zu wenig f\u00fcr kinder bzw: Jugendlichen unternimmt.das f\u00e4ngt doch schon mit der streichung der kindergarten pl\u00e4tze an,den kiddis wird doch viel zu wenig vorgelesen oder auf spielericher art rechnen und lesen beigebracht und in den Schulen wir doch heut  nur noch geklopt,abgezogen  und mit drogen gedielt.Kein wunder das jugendliche noch nicht einmal ein Comic richtig lesen kann .Sorry f\u00fcr rechtschreibfehler.<\/p>\n","protected":false},"excerpt":{"rendered":"<p>Habe gestern eine Frage gestellt,,Bilde ich es mir ein oder?.? Seit Ihr nicht auch der meinung das der staat,viel zu wenig f\u00fcr kinder bzw: Jugendlichen unternimmt.das f\u00e4ngt doch schon mit der streichung der kindergarten pl\u00e4tze an,den kiddis wird doch viel &hellip; <a href=\"https:\/\/kinderbetreuung-suche.de\/betreuung-pflege-blog\/habe-gestern-eine-frage-gestelltbilde-ich-es-mir-ein-oder.html\">Weiterlesen <span class=\"meta-nav\">&rarr;<\/span><\/a><\/p>\n","protected":false},"author":273,"featured_media":0,"comment_status":"open","ping_status":"open","sticky":false,"template":"","format":"standard","meta":[],"categories":[1],"tags":[],"yoast_head":"<!-- This site is optimized with the Yoast SEO plugin v21.1 - https:\/\/yoast.com\/wordpress\/plugins\/seo\/ -->\n<title>Habe gestern eine Frage gestellt,,Bilde ich es mir ein oder?.? - Kinderbetreuung Betreuung Pflege<\/title>\n<meta name=\"robots\" content=\"index, follow, max-snippet:-1, max-image-preview:large, max-video-preview:-1\" \/>\n<link rel=\"canonical\" href=\"https:\/\/kinderbetreuung-suche.de\/betreuung-pflege-blog\/habe-gestern-eine-frage-gestelltbilde-ich-es-mir-ein-oder.html\" \/>\n<meta property=\"og:locale\" content=\"de_DE\" \/>\n<meta property=\"og:type\" content=\"article\" \/>\n<meta property=\"og:title\" content=\"Habe gestern eine Frage gestellt,,Bilde ich es mir ein oder?.? - Kinderbetreuung Betreuung Pflege\" \/>\n<meta property=\"og:description\" content=\"Habe gestern eine Frage gestellt,,Bilde ich es mir ein oder?.? Seit Ihr nicht auch der meinung das der staat,viel zu wenig f\u00fcr kinder bzw: Jugendlichen unternimmt.das f\u00e4ngt doch schon mit der streichung der kindergarten pl\u00e4tze an,den kiddis wird doch viel &hellip; Weiterlesen &rarr;\" \/>\n<meta property=\"og:url\" content=\"https:\/\/kinderbetreuung-suche.de\/betreuung-pflege-blog\/habe-gestern-eine-frage-gestelltbilde-ich-es-mir-ein-oder.html\" \/>\n<meta property=\"og:site_name\" content=\"Kinderbetreuung Betreuung Pflege\" \/>\n<meta property=\"article:published_time\" content=\"2013-08-02T17:40:24+00:00\" \/>\n<meta property=\"article:modified_time\" content=\"2021-12-01T19:25:59+00:00\" \/>\n<meta name=\"twitter:card\" content=\"summary_large_image\" \/>\n<meta name=\"twitter:label1\" content=\"Verfasst von\" \/>\n\t<meta name=\"twitter:data1\" content=\"\" \/>\n<script type=\"application\/ld+json\" class=\"yoast-schema-graph\">{\"@context\":\"https:\/\/schema.org\",\"@graph\":[{\"@type\":\"WebPage\",\"@id\":\"https:\/\/kinderbetreuung-suche.de\/betreuung-pflege-blog\/habe-gestern-eine-frage-gestelltbilde-ich-es-mir-ein-oder.html\",\"url\":\"https:\/\/kinderbetreuung-suche.de\/betreuung-pflege-blog\/habe-gestern-eine-frage-gestelltbilde-ich-es-mir-ein-oder.html\",\"name\":\"Habe gestern eine Frage gestellt,,Bilde ich es mir ein oder?.? - Kinderbetreuung Betreuung Pflege\",\"isPartOf\":{\"@id\":\"https:\/\/kinderbetreuung-suche.de\/betreuung-pflege-blog\/#website\"},\"datePublished\":\"2013-08-02T17:40:24+00:00\",\"dateModified\":\"2021-12-01T19:25:59+00:00\",\"author\":{\"@id\":\"\"},\"breadcrumb\":{\"@id\":\"https:\/\/kinderbetreuung-suche.de\/betreuung-pflege-blog\/habe-gestern-eine-frage-gestelltbilde-ich-es-mir-ein-oder.html#breadcrumb\"},\"inLanguage\":\"de-DE\",\"potentialAction\":[{\"@type\":\"ReadAction\",\"target\":[\"https:\/\/kinderbetreuung-suche.de\/betreuung-pflege-blog\/habe-gestern-eine-frage-gestelltbilde-ich-es-mir-ein-oder.html\"]}]},{\"@type\":\"BreadcrumbList\",\"@id\":\"https:\/\/kinderbetreuung-suche.de\/betreuung-pflege-blog\/habe-gestern-eine-frage-gestelltbilde-ich-es-mir-ein-oder.html#breadcrumb\",\"itemListElement\":[{\"@type\":\"ListItem\",\"position\":1,\"name\":\"Startseite\",\"item\":\"https:\/\/kinderbetreuung-suche.de\/betreuung-pflege-blog\"},{\"@type\":\"ListItem\",\"position\":2,\"name\":\"Habe gestern eine Frage gestellt,,Bilde ich es mir ein oder?.?\"}]},{\"@type\":\"WebSite\",\"@id\":\"https:\/\/kinderbetreuung-suche.de\/betreuung-pflege-blog\/#website\",\"url\":\"https:\/\/kinderbetreuung-suche.de\/betreuung-pflege-blog\/\",\"name\":\"Kinderbetreuung Betreuung Pflege\",\"description\":\"Kinderbetreuung &amp; Pflege\",\"potentialAction\":[{\"@type\":\"SearchAction\",\"target\":{\"@type\":\"EntryPoint\",\"urlTemplate\":\"https:\/\/kinderbetreuung-suche.de\/betreuung-pflege-blog\/?s={search_term_string}\"},\"query-input\":\"required name=search_term_string\"}],\"inLanguage\":\"de-DE\"},{\"@type\":\"Person\",\"@id\":\"\",\"url\":\"https:\/\/kinderbetreuung-suche.de\/betreuung-pflege-blog\/author\"}]}<\/script>\n<!-- \/ Yoast SEO plugin. -->","yoast_head_json":{"title":"Habe gestern eine Frage gestellt,,Bilde ich es mir ein oder?.? - Kinderbetreuung Betreuung Pflege","robots":{"index":"index","follow":"follow","max-snippet":"max-snippet:-1","max-image-preview":"max-image-preview:large","max-video-preview":"max-video-preview:-1"},"canonical":"https:\/\/kinderbetreuung-suche.de\/betreuung-pflege-blog\/habe-gestern-eine-frage-gestelltbilde-ich-es-mir-ein-oder.html","og_locale":"de_DE","og_type":"article","og_title":"Habe gestern eine Frage gestellt,,Bilde ich es mir ein oder?.? - Kinderbetreuung Betreuung Pflege","og_description":"Habe gestern eine Frage gestellt,,Bilde ich es mir ein oder?.? Seit Ihr nicht auch der meinung das der staat,viel zu wenig f\u00fcr kinder bzw: Jugendlichen unternimmt.das f\u00e4ngt doch schon mit der streichung der kindergarten pl\u00e4tze an,den kiddis wird doch viel &hellip; Weiterlesen &rarr;","og_url":"https:\/\/kinderbetreuung-suche.de\/betreuung-pflege-blog\/habe-gestern-eine-frage-gestelltbilde-ich-es-mir-ein-oder.html","og_site_name":"Kinderbetreuung Betreuung Pflege","article_published_time":"2013-08-02T17:40:24+00:00","article_modified_time":"2021-12-01T19:25:59+00:00","twitter_card":"summary_large_image","twitter_misc":{"Verfasst von":""},"schema":{"@context":"https:\/\/schema.org","@graph":[{"@type":"WebPage","@id":"https:\/\/kinderbetreuung-suche.de\/betreuung-pflege-blog\/habe-gestern-eine-frage-gestelltbilde-ich-es-mir-ein-oder.html","url":"https:\/\/kinderbetreuung-suche.de\/betreuung-pflege-blog\/habe-gestern-eine-frage-gestelltbilde-ich-es-mir-ein-oder.html","name":"Habe gestern eine Frage gestellt,,Bilde ich es mir ein oder?.? - Kinderbetreuung Betreuung Pflege","isPartOf":{"@id":"https:\/\/kinderbetreuung-suche.de\/betreuung-pflege-blog\/#website"},"datePublished":"2013-08-02T17:40:24+00:00","dateModified":"2021-12-01T19:25:59+00:00","author":{"@id":""},"breadcrumb":{"@id":"https:\/\/kinderbetreuung-suche.de\/betreuung-pflege-blog\/habe-gestern-eine-frage-gestelltbilde-ich-es-mir-ein-oder.html#breadcrumb"},"inLanguage":"de-DE","potentialAction":[{"@type":"ReadAction","target":["https:\/\/kinderbetreuung-suche.de\/betreuung-pflege-blog\/habe-gestern-eine-frage-gestelltbilde-ich-es-mir-ein-oder.html"]}]},{"@type":"BreadcrumbList","@id":"https:\/\/kinderbetreuung-suche.de\/betreuung-pflege-blog\/habe-gestern-eine-frage-gestelltbilde-ich-es-mir-ein-oder.html#breadcrumb","itemListElement":[{"@type":"ListItem","position":1,"name":"Startseite","item":"https:\/\/kinderbetreuung-suche.de\/betreuung-pflege-blog"},{"@type":"ListItem","position":2,"name":"Habe gestern eine Frage gestellt,,Bilde ich es mir ein oder?.?"}]},{"@type":"WebSite","@id":"https:\/\/kinderbetreuung-suche.de\/betreuung-pflege-blog\/#website","url":"https:\/\/kinderbetreuung-suche.de\/betreuung-pflege-blog\/","name":"Kinderbetreuung Betreuung Pflege","description":"Kinderbetreuung &amp; Pflege","potentialAction":[{"@type":"SearchAction","target":{"@type":"EntryPoint","urlTemplate":"https:\/\/kinderbetreuung-suche.de\/betreuung-pflege-blog\/?s={search_term_string}"},"query-input":"required name=search_term_string"}],"inLanguage":"de-DE"},{"@type":"Person","@id":"","url":"https:\/\/kinderbetreuung-suche.de\/betreuung-pflege-blog\/author"}]}},"_links":{"self":[{"href":"https:\/\/kinderbetreuung-suche.de\/betreuung-pflege-blog\/wp-json\/wp\/v2\/posts\/197"}],"collection":[{"href":"https:\/\/kinderbetreuung-suche.de\/betreuung-pflege-blog\/wp-json\/wp\/v2\/posts"}],"about":[{"href":"https:\/\/kinderbetreuung-suche.de\/betreuung-pflege-blog\/wp-json\/wp\/v2\/types\/post"}],"author":[{"embeddable":true,"href":"https:\/\/kinderbetreuung-suche.de\/betreuung-pflege-blog\/wp-json\/wp\/v2\/users\/273"}],"replies":[{"embeddable":true,"href":"https:\/\/kinderbetreuung-suche.de\/betreuung-pflege-blog\/wp-json\/wp\/v2\/comments?post=197"}],"version-history":[{"count":1,"href":"https:\/\/kinderbetreuung-suche.de\/betreuung-pflege-blog\/wp-json\/wp\/v2\/posts\/197\/revisions"}],"predecessor-version":[{"id":1170,"href":"https:\/\/kinderbetreuung-suche.de\/betreuung-pflege-blog\/wp-json\/wp\/v2\/posts\/197\/revisions\/1170"}],"wp:attachment":[{"href":"https:\/\/kinderbetreuung-suche.de\/betreuung-pflege-blog\/wp-json\/wp\/v2\/media?parent=197"}],"wp:term":[{"taxonomy":"category","embeddable":true,"href":"https:\/\/kinderbetreuung-suche.de\/betreuung-pflege-blog\/wp-json\/wp\/v2\/categories?post=197"},{"taxonomy":"post_tag","embeddable":true,"href":"https:\/\/kinderbetreuung-suche.de\/betreuung-pflege-blog\/wp-json\/wp\/v2\/tags?post=197"}],"curies":[{"name":"wp","href":"https:\/\/api.w.org\/{rel}","templated":true}]}}