{"id":111,"date":"2013-08-02T19:38:14","date_gmt":"2013-08-02T17:38:14","guid":{"rendered":"http:\/\/kinderbetreuung-suche.de\/betreuung-pflege-blog\/wie-verhalt-man-sich-kind-2-will-nicht-mehr-in-den-kindergarten-seit-betreuung-von-neuer-kindergartnerin.html"},"modified":"2021-12-01T20:25:18","modified_gmt":"2021-12-01T19:25:18","slug":"wie-verhalt-man-sich-kind-2-will-nicht-mehr-in-den-kindergarten-seit-betreuung-von-neuer-kindergartnerin","status":"publish","type":"post","link":"https:\/\/kinderbetreuung-suche.de\/betreuung-pflege-blog\/wie-verhalt-man-sich-kind-2-will-nicht-mehr-in-den-kindergarten-seit-betreuung-von-neuer-kindergartnerin.html","title":{"rendered":"Wie verh\u00e4lt man sich? Kind (2) will nicht mehr in den Kindergarten seit Betreuung von neuer Kinderg\u00e4rtnerin?"},"content":{"rendered":"<p>Wie verh\u00e4lt man sich? Kind (2) will nicht mehr in den Kindergarten seit Betreuung von neuer Kinderg\u00e4rtnerin?<br \/>\nSeit eine neue Erzieherin (als Krankheitsvertretung) im Kindergarten arbeitet, erkenne ich mein Kind nicht mehr wieder. Er tut alles, um m\u00f6glichst nicht in den Kindergarten gehen zu m\u00fcssen: Essensverweigerung; rei\u00dft aus, wenn wir losgehen wollen; br\u00fcllt, tritt, schl\u00e4gt um sich oder schmei\u00dft sich auf den Boden.<br \/>\nEr klagt \u00fcber Bauchschmerzen. Wir waren mit ihm deshalb sogar bei der Kinder\u00e4rztin, die keine Krankheitsanzeichen feststellen konnte. Das geht jetzt schon seit 3 Wochen so und wird immer schlimmer.<br \/>\nEr will einfach nicht mehr in den Kindergarten. Dabei gab es mal eine Zeit, da hat es ihm so gut da gefallen, dass er nicht mehr mit nach Hause wollte. Ich bin v\u00f6llig ratlos.<br \/>\n@Jonnys Mama:<br \/>\nEs geht mehreren Eltern so. Es gibt sogar F\u00e4lle, wo sich die Kinder wieder regelm\u00e4\u00dfig in die Hose machen, obwohl sie eigentlich seit einem halben Jahr sauber sind.<\/p>\n<p>Auch diverse Formulierungen, wie z.B.: Halt die Klappe! sind vor dem Kontakt mit dieser Erzieherin nicht vorgekommen.<\/p>\n","protected":false},"excerpt":{"rendered":"<p>Wie verh\u00e4lt man sich? Kind (2) will nicht mehr in den Kindergarten seit Betreuung von neuer Kinderg\u00e4rtnerin? Seit eine neue Erzieherin (als Krankheitsvertretung) im Kindergarten arbeitet, erkenne ich mein Kind nicht mehr wieder. Er tut alles, um m\u00f6glichst nicht in &hellip; <a href=\"https:\/\/kinderbetreuung-suche.de\/betreuung-pflege-blog\/wie-verhalt-man-sich-kind-2-will-nicht-mehr-in-den-kindergarten-seit-betreuung-von-neuer-kindergartnerin.html\">Weiterlesen <span class=\"meta-nav\">&rarr;<\/span><\/a><\/p>\n","protected":false},"author":273,"featured_media":0,"comment_status":"open","ping_status":"open","sticky":false,"template":"","format":"standard","meta":[],"categories":[1],"tags":[],"yoast_head":"<!-- This site is optimized with the Yoast SEO plugin v21.1 - https:\/\/yoast.com\/wordpress\/plugins\/seo\/ -->\n<title>Wie verh\u00e4lt man sich? Kind (2) will nicht mehr in den Kindergarten seit Betreuung von neuer Kinderg\u00e4rtnerin? - Kinderbetreuung Betreuung Pflege<\/title>\n<meta name=\"robots\" content=\"index, follow, max-snippet:-1, max-image-preview:large, max-video-preview:-1\" \/>\n<link rel=\"canonical\" href=\"https:\/\/kinderbetreuung-suche.de\/betreuung-pflege-blog\/wie-verhalt-man-sich-kind-2-will-nicht-mehr-in-den-kindergarten-seit-betreuung-von-neuer-kindergartnerin.html\" \/>\n<meta property=\"og:locale\" content=\"de_DE\" \/>\n<meta property=\"og:type\" content=\"article\" \/>\n<meta property=\"og:title\" content=\"Wie verh\u00e4lt man sich? Kind (2) will nicht mehr in den Kindergarten seit Betreuung von neuer Kinderg\u00e4rtnerin? - Kinderbetreuung Betreuung Pflege\" \/>\n<meta property=\"og:description\" content=\"Wie verh\u00e4lt man sich? Kind (2) will nicht mehr in den Kindergarten seit Betreuung von neuer Kinderg\u00e4rtnerin? Seit eine neue Erzieherin (als Krankheitsvertretung) im Kindergarten arbeitet, erkenne ich mein Kind nicht mehr wieder. Er tut alles, um m\u00f6glichst nicht in &hellip; Weiterlesen &rarr;\" \/>\n<meta property=\"og:url\" content=\"https:\/\/kinderbetreuung-suche.de\/betreuung-pflege-blog\/wie-verhalt-man-sich-kind-2-will-nicht-mehr-in-den-kindergarten-seit-betreuung-von-neuer-kindergartnerin.html\" \/>\n<meta property=\"og:site_name\" content=\"Kinderbetreuung Betreuung Pflege\" \/>\n<meta property=\"article:published_time\" content=\"2013-08-02T17:38:14+00:00\" \/>\n<meta property=\"article:modified_time\" content=\"2021-12-01T19:25:18+00:00\" \/>\n<meta name=\"twitter:card\" content=\"summary_large_image\" \/>\n<meta name=\"twitter:label1\" content=\"Verfasst von\" \/>\n\t<meta name=\"twitter:data1\" content=\"\" \/>\n\t<meta name=\"twitter:label2\" content=\"Gesch\u00e4tzte Lesezeit\" \/>\n\t<meta name=\"twitter:data2\" content=\"1 Minute\" \/>\n<script type=\"application\/ld+json\" class=\"yoast-schema-graph\">{\"@context\":\"https:\/\/schema.org\",\"@graph\":[{\"@type\":\"WebPage\",\"@id\":\"https:\/\/kinderbetreuung-suche.de\/betreuung-pflege-blog\/wie-verhalt-man-sich-kind-2-will-nicht-mehr-in-den-kindergarten-seit-betreuung-von-neuer-kindergartnerin.html\",\"url\":\"https:\/\/kinderbetreuung-suche.de\/betreuung-pflege-blog\/wie-verhalt-man-sich-kind-2-will-nicht-mehr-in-den-kindergarten-seit-betreuung-von-neuer-kindergartnerin.html\",\"name\":\"Wie verh\u00e4lt man sich? Kind (2) will nicht mehr in den Kindergarten seit Betreuung von neuer Kinderg\u00e4rtnerin? - Kinderbetreuung Betreuung Pflege\",\"isPartOf\":{\"@id\":\"https:\/\/kinderbetreuung-suche.de\/betreuung-pflege-blog\/#website\"},\"datePublished\":\"2013-08-02T17:38:14+00:00\",\"dateModified\":\"2021-12-01T19:25:18+00:00\",\"author\":{\"@id\":\"\"},\"breadcrumb\":{\"@id\":\"https:\/\/kinderbetreuung-suche.de\/betreuung-pflege-blog\/wie-verhalt-man-sich-kind-2-will-nicht-mehr-in-den-kindergarten-seit-betreuung-von-neuer-kindergartnerin.html#breadcrumb\"},\"inLanguage\":\"de-DE\",\"potentialAction\":[{\"@type\":\"ReadAction\",\"target\":[\"https:\/\/kinderbetreuung-suche.de\/betreuung-pflege-blog\/wie-verhalt-man-sich-kind-2-will-nicht-mehr-in-den-kindergarten-seit-betreuung-von-neuer-kindergartnerin.html\"]}]},{\"@type\":\"BreadcrumbList\",\"@id\":\"https:\/\/kinderbetreuung-suche.de\/betreuung-pflege-blog\/wie-verhalt-man-sich-kind-2-will-nicht-mehr-in-den-kindergarten-seit-betreuung-von-neuer-kindergartnerin.html#breadcrumb\",\"itemListElement\":[{\"@type\":\"ListItem\",\"position\":1,\"name\":\"Startseite\",\"item\":\"https:\/\/kinderbetreuung-suche.de\/betreuung-pflege-blog\"},{\"@type\":\"ListItem\",\"position\":2,\"name\":\"Wie verh\u00e4lt man sich? Kind (2) will nicht mehr in den Kindergarten seit Betreuung von neuer Kinderg\u00e4rtnerin?\"}]},{\"@type\":\"WebSite\",\"@id\":\"https:\/\/kinderbetreuung-suche.de\/betreuung-pflege-blog\/#website\",\"url\":\"https:\/\/kinderbetreuung-suche.de\/betreuung-pflege-blog\/\",\"name\":\"Kinderbetreuung Betreuung Pflege\",\"description\":\"Kinderbetreuung &amp; Pflege\",\"potentialAction\":[{\"@type\":\"SearchAction\",\"target\":{\"@type\":\"EntryPoint\",\"urlTemplate\":\"https:\/\/kinderbetreuung-suche.de\/betreuung-pflege-blog\/?s={search_term_string}\"},\"query-input\":\"required name=search_term_string\"}],\"inLanguage\":\"de-DE\"},{\"@type\":\"Person\",\"@id\":\"\",\"url\":\"https:\/\/kinderbetreuung-suche.de\/betreuung-pflege-blog\/author\"}]}<\/script>\n<!-- \/ Yoast SEO plugin. -->","yoast_head_json":{"title":"Wie verh\u00e4lt man sich? Kind (2) will nicht mehr in den Kindergarten seit Betreuung von neuer Kinderg\u00e4rtnerin? - Kinderbetreuung Betreuung Pflege","robots":{"index":"index","follow":"follow","max-snippet":"max-snippet:-1","max-image-preview":"max-image-preview:large","max-video-preview":"max-video-preview:-1"},"canonical":"https:\/\/kinderbetreuung-suche.de\/betreuung-pflege-blog\/wie-verhalt-man-sich-kind-2-will-nicht-mehr-in-den-kindergarten-seit-betreuung-von-neuer-kindergartnerin.html","og_locale":"de_DE","og_type":"article","og_title":"Wie verh\u00e4lt man sich? Kind (2) will nicht mehr in den Kindergarten seit Betreuung von neuer Kinderg\u00e4rtnerin? - Kinderbetreuung Betreuung Pflege","og_description":"Wie verh\u00e4lt man sich? Kind (2) will nicht mehr in den Kindergarten seit Betreuung von neuer Kinderg\u00e4rtnerin? Seit eine neue Erzieherin (als Krankheitsvertretung) im Kindergarten arbeitet, erkenne ich mein Kind nicht mehr wieder. Er tut alles, um m\u00f6glichst nicht in &hellip; Weiterlesen &rarr;","og_url":"https:\/\/kinderbetreuung-suche.de\/betreuung-pflege-blog\/wie-verhalt-man-sich-kind-2-will-nicht-mehr-in-den-kindergarten-seit-betreuung-von-neuer-kindergartnerin.html","og_site_name":"Kinderbetreuung Betreuung Pflege","article_published_time":"2013-08-02T17:38:14+00:00","article_modified_time":"2021-12-01T19:25:18+00:00","twitter_card":"summary_large_image","twitter_misc":{"Verfasst von":"","Gesch\u00e4tzte Lesezeit":"1 Minute"},"schema":{"@context":"https:\/\/schema.org","@graph":[{"@type":"WebPage","@id":"https:\/\/kinderbetreuung-suche.de\/betreuung-pflege-blog\/wie-verhalt-man-sich-kind-2-will-nicht-mehr-in-den-kindergarten-seit-betreuung-von-neuer-kindergartnerin.html","url":"https:\/\/kinderbetreuung-suche.de\/betreuung-pflege-blog\/wie-verhalt-man-sich-kind-2-will-nicht-mehr-in-den-kindergarten-seit-betreuung-von-neuer-kindergartnerin.html","name":"Wie verh\u00e4lt man sich? Kind (2) will nicht mehr in den Kindergarten seit Betreuung von neuer Kinderg\u00e4rtnerin? - Kinderbetreuung Betreuung Pflege","isPartOf":{"@id":"https:\/\/kinderbetreuung-suche.de\/betreuung-pflege-blog\/#website"},"datePublished":"2013-08-02T17:38:14+00:00","dateModified":"2021-12-01T19:25:18+00:00","author":{"@id":""},"breadcrumb":{"@id":"https:\/\/kinderbetreuung-suche.de\/betreuung-pflege-blog\/wie-verhalt-man-sich-kind-2-will-nicht-mehr-in-den-kindergarten-seit-betreuung-von-neuer-kindergartnerin.html#breadcrumb"},"inLanguage":"de-DE","potentialAction":[{"@type":"ReadAction","target":["https:\/\/kinderbetreuung-suche.de\/betreuung-pflege-blog\/wie-verhalt-man-sich-kind-2-will-nicht-mehr-in-den-kindergarten-seit-betreuung-von-neuer-kindergartnerin.html"]}]},{"@type":"BreadcrumbList","@id":"https:\/\/kinderbetreuung-suche.de\/betreuung-pflege-blog\/wie-verhalt-man-sich-kind-2-will-nicht-mehr-in-den-kindergarten-seit-betreuung-von-neuer-kindergartnerin.html#breadcrumb","itemListElement":[{"@type":"ListItem","position":1,"name":"Startseite","item":"https:\/\/kinderbetreuung-suche.de\/betreuung-pflege-blog"},{"@type":"ListItem","position":2,"name":"Wie verh\u00e4lt man sich? Kind (2) will nicht mehr in den Kindergarten seit Betreuung von neuer Kinderg\u00e4rtnerin?"}]},{"@type":"WebSite","@id":"https:\/\/kinderbetreuung-suche.de\/betreuung-pflege-blog\/#website","url":"https:\/\/kinderbetreuung-suche.de\/betreuung-pflege-blog\/","name":"Kinderbetreuung Betreuung Pflege","description":"Kinderbetreuung &amp; Pflege","potentialAction":[{"@type":"SearchAction","target":{"@type":"EntryPoint","urlTemplate":"https:\/\/kinderbetreuung-suche.de\/betreuung-pflege-blog\/?s={search_term_string}"},"query-input":"required name=search_term_string"}],"inLanguage":"de-DE"},{"@type":"Person","@id":"","url":"https:\/\/kinderbetreuung-suche.de\/betreuung-pflege-blog\/author"}]}},"_links":{"self":[{"href":"https:\/\/kinderbetreuung-suche.de\/betreuung-pflege-blog\/wp-json\/wp\/v2\/posts\/111"}],"collection":[{"href":"https:\/\/kinderbetreuung-suche.de\/betreuung-pflege-blog\/wp-json\/wp\/v2\/posts"}],"about":[{"href":"https:\/\/kinderbetreuung-suche.de\/betreuung-pflege-blog\/wp-json\/wp\/v2\/types\/post"}],"author":[{"embeddable":true,"href":"https:\/\/kinderbetreuung-suche.de\/betreuung-pflege-blog\/wp-json\/wp\/v2\/users\/273"}],"replies":[{"embeddable":true,"href":"https:\/\/kinderbetreuung-suche.de\/betreuung-pflege-blog\/wp-json\/wp\/v2\/comments?post=111"}],"version-history":[{"count":1,"href":"https:\/\/kinderbetreuung-suche.de\/betreuung-pflege-blog\/wp-json\/wp\/v2\/posts\/111\/revisions"}],"predecessor-version":[{"id":1074,"href":"https:\/\/kinderbetreuung-suche.de\/betreuung-pflege-blog\/wp-json\/wp\/v2\/posts\/111\/revisions\/1074"}],"wp:attachment":[{"href":"https:\/\/kinderbetreuung-suche.de\/betreuung-pflege-blog\/wp-json\/wp\/v2\/media?parent=111"}],"wp:term":[{"taxonomy":"category","embeddable":true,"href":"https:\/\/kinderbetreuung-suche.de\/betreuung-pflege-blog\/wp-json\/wp\/v2\/categories?post=111"},{"taxonomy":"post_tag","embeddable":true,"href":"https:\/\/kinderbetreuung-suche.de\/betreuung-pflege-blog\/wp-json\/wp\/v2\/tags?post=111"}],"curies":[{"name":"wp","href":"https:\/\/api.w.org\/{rel}","templated":true}]}}